{"id":1511,"date":"2019-02-07T21:00:31","date_gmt":"2019-02-07T21:00:31","guid":{"rendered":"http:\/\/www.itsco.edu.mx\/?p=1511"},"modified":"2020-01-21T18:24:58","modified_gmt":"2020-01-21T18:24:58","slug":"inauguracion-del-semestre-febrero-junio-2019","status":"publish","type":"post","link":"https:\/\/www.itsco.edu.mx\/?p=1511","title":{"rendered":"Inauguraci\u00f3n del semestre febrero &#8211; junio 2019"},"content":{"rendered":"<div id=\"pl-1511\"  class=\"panel-layout\" >\n<div id=\"pg-1511-0\"  class=\"panel-grid panel-no-style\"  data-style=\"{&quot;background_image_attachment&quot;:false,&quot;background_display&quot;:&quot;tile&quot;,&quot;cell_alignment&quot;:&quot;flex-start&quot;}\"  data-ratio=\"0.33333333\"  data-ratio-direction=\"right\" >\n<div id=\"pgc-1511-0-0\"  class=\"panel-grid-cell panel-grid-cell-mobile-last\"  data-style=\"{&quot;background_image_attachment&quot;:false,&quot;background_display&quot;:&quot;tile&quot;,&quot;vertical_alignment&quot;:&quot;auto&quot;}\"  data-weight=\"0.750000001875\" >\n<div id=\"panel-1511-0-0-0\" class=\"so-panel widget widget_text panel-first-child panel-last-child\" data-index=\"0\" data-style=\"{&quot;background_image_attachment&quot;:false,&quot;background_display&quot;:&quot;tile&quot;}\" >\n<div class=\"textwidget\">\n<p align=justify>El Instituto Tecnol\u00f3gico Superior de Cosamaloapan, dio inicio al\u00a0 semestre febrero-junio 2019, el d\u00eda 05 de febrero, con una magna inauguraci\u00f3n, dirigida por el Encargado de la Direcci\u00f3n General, Dr. Jos\u00e9 Antonio Gonz\u00e1lez Rodr\u00edguez.<\/p>\n<p>A este evento asistieron como invitados, las autoridades del H. Ayuntamiento Constitucional de Cosamaloapan, representantes del H. Patronato del ITSCO y representantes de la H. Junta Directiva, estudiantes, personal administrativo, de apoyo y docentes, as\u00ed como \u00a0la Delegada de la SEV.<\/p>\n<p>En esta ceremonia, se difundi\u00f3 el mensaje de bienvenida del Director del Tecnol\u00f3gico Nacional de M\u00e9xico, Dr. Enrique Fern\u00e1ndez Fassnacht.<\/p>\n<p>La inauguraci\u00f3n oficial del semestre, estuvo a cargo de la Delegada de la SEV Mtra. Mayra Tinoco Reyes.<\/p>\n<p>En el mensaje inaugural, el encargado de la Direcci\u00f3n, de esta m\u00e1xima casa de estudios, enfatiz\u00f3 a la educaci\u00f3n como la herramienta principal para el crecimiento de un pa\u00eds.<\/p>\n<p>&nbsp;<\/p>\n<p><img loading=\"lazy\" decoding=\"async\" class=\"alignnone wp-image-1513 size-full\" src=\"http:\/\/www.itsco.edu.mx\/wp-content\/uploads\/2019\/02\/INAUGURACI\u00d3N-SEM-2.jpg\" alt=\"\" width=\"1490\" height=\"994\" srcset=\"https:\/\/www.itsco.edu.mx\/wp-content\/uploads\/2019\/02\/INAUGURACI\u00d3N-SEM-2.jpg 1490w, https:\/\/www.itsco.edu.mx\/wp-content\/uploads\/2019\/02\/INAUGURACI\u00d3N-SEM-2-300x200.jpg 300w, https:\/\/www.itsco.edu.mx\/wp-content\/uploads\/2019\/02\/INAUGURACI\u00d3N-SEM-2-768x512.jpg 768w, https:\/\/www.itsco.edu.mx\/wp-content\/uploads\/2019\/02\/INAUGURACI\u00d3N-SEM-2-1024x683.jpg 1024w, https:\/\/www.itsco.edu.mx\/wp-content\/uploads\/2019\/02\/INAUGURACI\u00d3N-SEM-2-150x100.jpg 150w, https:\/\/www.itsco.edu.mx\/wp-content\/uploads\/2019\/02\/INAUGURACI\u00d3N-SEM-2-272x182.jpg 272w\" sizes=\"auto, (max-width: 1490px) 100vw, 1490px\" \/><img loading=\"lazy\" decoding=\"async\" class=\"alignleft wp-image-1512 size-large\" src=\"http:\/\/www.itsco.edu.mx\/wp-content\/uploads\/2019\/02\/INAUGURACI\u00d3N-SEM-1-1024x846.jpg\" alt=\"\" width=\"900\" height=\"744\" srcset=\"https:\/\/www.itsco.edu.mx\/wp-content\/uploads\/2019\/02\/INAUGURACI\u00d3N-SEM-1-1024x846.jpg 1024w, https:\/\/www.itsco.edu.mx\/wp-content\/uploads\/2019\/02\/INAUGURACI\u00d3N-SEM-1-300x248.jpg 300w, https:\/\/www.itsco.edu.mx\/wp-content\/uploads\/2019\/02\/INAUGURACI\u00d3N-SEM-1-768x634.jpg 768w, https:\/\/www.itsco.edu.mx\/wp-content\/uploads\/2019\/02\/INAUGURACI\u00d3N-SEM-1-150x124.jpg 150w, https:\/\/www.itsco.edu.mx\/wp-content\/uploads\/2019\/02\/INAUGURACI\u00d3N-SEM-1.jpg 1337w\" sizes=\"auto, (max-width: 900px) 100vw, 900px\" \/><\/p>\n<\/div><\/div>\n<\/div>\n<div id=\"pgc-1511-0-1\"  class=\"panel-grid-cell panel-grid-cell-empty\"  data-weight=\"0.249999998125\" ><\/div>\n<\/div>\n<\/div>\n<style type=\"text\/css\" class=\"panels-style\" data-panels-style-for-post=\"1511\">@import url(http:\/\/www.itsco.edu.mx\/wp-content\/plugins\/siteorigin-panels\/css\/front-flex.min.css); #pgc-1511-0-0 { width:75%;width:calc(75% - ( 0.249999998125 * 30px ) ) } #pl-1511 #panel-1511-0-0-0 {  } #pgc-1511-0-1 { width:25%;width:calc(25% - ( 0.750000001875 * 30px ) ) } #pl-1511 .so-panel { margin-bottom:30px } #pl-1511 .so-panel:last-child { margin-bottom:0px } #pg-1511-0.panel-no-style, #pg-1511-0.panel-has-style > .panel-row-style { -webkit-align-items:flex-start;align-items:flex-start } #pgc-1511-0-0 { align-self:auto } @media (max-width:780px){ #pg-1511-0.panel-no-style, #pg-1511-0.panel-has-style > .panel-row-style { -webkit-flex-direction:column;-ms-flex-direction:column;flex-direction:column } #pg-1511-0 > .panel-grid-cell , #pg-1511-0 > .panel-row-style > .panel-grid-cell { width:100%;margin-right:0 } #pgc-1511-0-0 { margin-bottom:30px } #pl-1511 .panel-grid-cell { padding:0 } #pl-1511 .panel-grid .panel-grid-cell-empty { display:none } #pl-1511 .panel-grid .panel-grid-cell-mobile-last { margin-bottom:0px }  } <\/style>\n","protected":false},"excerpt":{"rendered":"<p>El Instituto Tecnol\u00f3gico Superior de Cosamaloapan, dio inicio al\u00a0 semestre febrero-junio 2019, el d\u00eda 05 de febrero, con una magna &hellip; <\/p>\n","protected":false},"author":1,"featured_media":0,"comment_status":"closed","ping_status":"closed","sticky":false,"template":"","format":"standard","meta":{"footnotes":""},"categories":[1],"tags":[],"class_list":["post-1511","post","type-post","status-publish","format-standard","hentry","category-uncategorized"],"_links":{"self":[{"href":"https:\/\/www.itsco.edu.mx\/index.php?rest_route=\/wp\/v2\/posts\/1511","targetHints":{"allow":["GET"]}}],"collection":[{"href":"https:\/\/www.itsco.edu.mx\/index.php?rest_route=\/wp\/v2\/posts"}],"about":[{"href":"https:\/\/www.itsco.edu.mx\/index.php?rest_route=\/wp\/v2\/types\/post"}],"author":[{"embeddable":true,"href":"https:\/\/www.itsco.edu.mx\/index.php?rest_route=\/wp\/v2\/users\/1"}],"replies":[{"embeddable":true,"href":"https:\/\/www.itsco.edu.mx\/index.php?rest_route=%2Fwp%2Fv2%2Fcomments&post=1511"}],"version-history":[{"count":9,"href":"https:\/\/www.itsco.edu.mx\/index.php?rest_route=\/wp\/v2\/posts\/1511\/revisions"}],"predecessor-version":[{"id":2117,"href":"https:\/\/www.itsco.edu.mx\/index.php?rest_route=\/wp\/v2\/posts\/1511\/revisions\/2117"}],"wp:attachment":[{"href":"https:\/\/www.itsco.edu.mx\/index.php?rest_route=%2Fwp%2Fv2%2Fmedia&parent=1511"}],"wp:term":[{"taxonomy":"category","embeddable":true,"href":"https:\/\/www.itsco.edu.mx\/index.php?rest_route=%2Fwp%2Fv2%2Fcategories&post=1511"},{"taxonomy":"post_tag","embeddable":true,"href":"https:\/\/www.itsco.edu.mx\/index.php?rest_route=%2Fwp%2Fv2%2Ftags&post=1511"}],"curies":[{"name":"wp","href":"https:\/\/api.w.org\/{rel}","templated":true}]}}